{"id":489,"date":"2022-04-24T13:40:22","date_gmt":"2022-04-24T11:40:22","guid":{"rendered":"https:\/\/lessurvenues.com\/?p=489"},"modified":"2023-05-18T17:43:54","modified_gmt":"2023-05-18T15:43:54","slug":"workshop-de-canto-en-bogota-opera-de-colombia","status":"publish","type":"post","link":"https:\/\/lessurvenues.com\/es\/2022\/04\/24\/workshop-de-canto-en-bogota-opera-de-colombia\/","title":{"rendered":"Taller de canto en la Sede de la \u00d3pera de Colombia - Bogot\u00e1"},"content":{"rendered":"<p class=\"wp-block-paragraph\">19 al 22 de mayo.  <\/p>\n\n\n\n<p class=\"wp-block-paragraph\">Workshop de canto junto con Carolina Barca y su fundaci\u00f3n <strong>Fundaci\u00f3n&nbsp;Anura\u00ae Voz I+D+i<\/strong>&nbsp; en la sede del Camar\u00edn del C\u00e1rmen, \u00d3pera de Colombia en Bogot\u00e1. <\/p>\n\n\n\n<figure class=\"wp-block-image size-large\"><a href=\"https:\/\/www.anuravoz.com\/workshop-de-interpretacion-vocal-2022-1\"><img data-recalc-dims=\"1\" loading=\"lazy\" decoding=\"async\" width=\"750\" height=\"629\" data-attachment-id=\"495\" data-permalink=\"https:\/\/lessurvenues.com\/es\/277898692_698911391302582_8072616998939557028_n\/\" data-orig-file=\"https:\/\/i0.wp.com\/lessurvenues.com\/wp-content\/uploads\/2022\/04\/277898692_698911391302582_8072616998939557028_n.png?fit=2820%2C2364&amp;ssl=1\" data-orig-size=\"2820,2364\" data-comments-opened=\"1\" data-image-meta=\"{&quot;aperture&quot;:&quot;0&quot;,&quot;credit&quot;:&quot;&quot;,&quot;camera&quot;:&quot;&quot;,&quot;caption&quot;:&quot;&quot;,&quot;created_timestamp&quot;:&quot;0&quot;,&quot;copyright&quot;:&quot;&quot;,&quot;focal_length&quot;:&quot;0&quot;,&quot;iso&quot;:&quot;0&quot;,&quot;shutter_speed&quot;:&quot;0&quot;,&quot;title&quot;:&quot;&quot;,&quot;orientation&quot;:&quot;0&quot;}\" data-image-title=\"277898692_698911391302582_8072616998939557028_n\" data-image-description=\"\" data-image-caption=\"\" data-large-file=\"https:\/\/i0.wp.com\/lessurvenues.com\/wp-content\/uploads\/2022\/04\/277898692_698911391302582_8072616998939557028_n.png?fit=750%2C629&amp;ssl=1\" src=\"https:\/\/i0.wp.com\/lessurvenues.com\/wp-content\/uploads\/2022\/04\/277898692_698911391302582_8072616998939557028_n.png?resize=750%2C629&#038;ssl=1\" alt=\"\" class=\"wp-image-495\"\/><\/a><\/figure>\n\n\n\n<p class=\"wp-block-paragraph\"><em><sub><strong>\u00bfC\u00f3mo puede una canci\u00f3n convertirse en un trampol\u00edn para despertar la imaginaci\u00f3n y la memoria corporal?<\/strong><\/sub><\/em><br><em><sub><strong>\u00bfC\u00f3mo puede convertirse en una acci\u00f3n, m\u00e1s all\u00e1 de su melod\u00eda y ritmo?&nbsp;<\/strong><\/sub><\/em><\/p>\n\n\n\n<p class=\"wp-block-paragraph\"><sub>Desc\u00fabrelo con&nbsp;<strong>Sara Catalina Montoya<\/strong>&nbsp;y&nbsp;<strong>Carolina Barca Ojeda<\/strong>,&nbsp;en un taller intensivo de 4 d\u00edas en el que experimentaremos el encuentro entre&nbsp;t\u00e9cnicas vocales \u00fanicas y el juego corporal de la actuaci\u00f3n.<br>A trav\u00e9s del trabajo en grupo con&nbsp;cantos tradicionales&nbsp;y el desarrollo de un&nbsp;repertorio individual,&nbsp;exploraremos la relaci\u00f3n entre&nbsp;la imaginaci\u00f3n corporal y el canto.<br>Este&nbsp; trabajo comprende un&nbsp; encuentro entre un cuerpo en acci\u00f3n y la voz, para profundizar en el entendimiento de los mecanismos vocales aplicado a&nbsp;las artes esc\u00e9nicas y teatrales.&nbsp;<\/sub><\/p>\n\n\n\n<p class=\"wp-block-paragraph\"><sub>Juntos haremos del workshop una apertura hacia diversas posibilidades de aproximarse al canto, para que cada persona pueda descubrir y desarrollar un impulso creativo \u00fanico.<\/sub><\/p>\n\n\n\n<p class=\"wp-block-paragraph\"><sub><strong>Dirigido a:<\/strong>&nbsp;Cantantes, actores, directores de teatro, directores corales, profesores de m\u00fasica o artes esc\u00e9nicas, estudiantes de m\u00fasica, teatro y\/o danza y personas interesadas en el trabajo con la voz.&nbsp;<\/sub><\/p>\n\n\n\n<p class=\"wp-block-paragraph\"><sub><em><strong>SARA CATALINA MONTOYA<\/strong>,&nbsp;artista vocal, Actriz y Directora de Teatro.<\/em><\/sub><\/p>\n\n\n\n<p class=\"wp-block-paragraph\"><sub><em><strong>CAROLINA BARCA<\/strong>&nbsp;Soprano y directora de Fundaci\u00f3n Anura\u00aeVoz I+D+i .<\/em><\/sub><\/p>\n\n\n\n<p class=\"wp-block-paragraph\"><\/p>\n\n\n\n<div class=\"wp-block-buttons is-layout-flex wp-block-buttons-is-layout-flex\">\n<div class=\"wp-block-button is-style-outline is-style-outline--1\"><a class=\"wp-block-button__link wp-element-button\" href=\"https:\/\/www.anuravoz.com\/workshop-de-interpretacion-vocal-2022-1\" target=\"_blank\" rel=\"noreferrer noopener\">inscripciones e informaci\u00f3n <\/a><\/div>\n<\/div>","protected":false},"excerpt":{"rendered":"<p>du 19 au 22 MAI, 2022 &#8211; Un stage de quatre jours sur le chant et l&rsquo;imagination en sc\u00e8ne, en collaboration avec Carolina Barca et AnuraVoz. <\/p>","protected":false},"author":216920472,"featured_media":0,"comment_status":"closed","ping_status":"open","sticky":false,"template":"","format":"standard","meta":{"advanced_seo_description":"","jetpack_seo_html_title":"","jetpack_seo_noindex":false,"jetpack_seo_schema_type":"","_jetpack_newsletter_access":"","_jetpack_dont_email_post_to_subs":false,"_jetpack_newsletter_tier_id":0,"_jetpack_memberships_contains_paywalled_content":false,"_wpcom_ai_launchpad_first_post":false,"_jetpack_feature_clip_id":0,"_jetpack_memberships_contains_paid_content":false,"footnotes":"","jetpack_publicize_message":"","jetpack_publicize_feature_enabled":true,"jetpack_social_post_already_shared":false,"jetpack_social_options":{"image_generator_settings":{"template":"highway","default_image_id":0,"font":"","enabled":false},"version":2},"jetpack_post_was_ever_published":false},"categories":[741590943],"tags":[],"class_list":["post-489","post","type-post","status-publish","format-standard","hentry","category-ateliers","entry"],"jetpack_publicize_connections":[],"jetpack_likes_enabled":false,"jetpack_sharing_enabled":true,"jetpack_shortlink":"https:\/\/wp.me\/pdHTHc-7T","jetpack-related-posts":[],"amp_enabled":true,"jetpack_featured_media_url":"","_links":{"self":[{"href":"https:\/\/lessurvenues.com\/es\/wp-json\/wp\/v2\/posts\/489","targetHints":{"allow":["GET"]}}],"collection":[{"href":"https:\/\/lessurvenues.com\/es\/wp-json\/wp\/v2\/posts"}],"about":[{"href":"https:\/\/lessurvenues.com\/es\/wp-json\/wp\/v2\/types\/post"}],"author":[{"embeddable":true,"href":"https:\/\/lessurvenues.com\/es\/wp-json\/wp\/v2\/users\/216920472"}],"replies":[{"embeddable":true,"href":"https:\/\/lessurvenues.com\/es\/wp-json\/wp\/v2\/comments?post=489"}],"version-history":[{"count":17,"href":"https:\/\/lessurvenues.com\/es\/wp-json\/wp\/v2\/posts\/489\/revisions"}],"predecessor-version":[{"id":1451,"href":"https:\/\/lessurvenues.com\/es\/wp-json\/wp\/v2\/posts\/489\/revisions\/1451"}],"wp:attachment":[{"href":"https:\/\/lessurvenues.com\/es\/wp-json\/wp\/v2\/media?parent=489"}],"wp:term":[{"taxonomy":"category","embeddable":true,"href":"https:\/\/lessurvenues.com\/es\/wp-json\/wp\/v2\/categories?post=489"},{"taxonomy":"post_tag","embeddable":true,"href":"https:\/\/lessurvenues.com\/es\/wp-json\/wp\/v2\/tags?post=489"}],"curies":[{"name":"wp","href":"https:\/\/api.w.org\/{rel}","templated":true}]}}